{"id":4507,"date":"2017-10-01T01:00:31","date_gmt":"2017-09-30T23:00:31","guid":{"rendered":"http:\/\/kenzenpilates.com\/10-anos-kenzen-pilates-studio\/"},"modified":"2017-10-02T00:33:28","modified_gmt":"2017-10-01T22:33:28","slug":"10-anos-kenzen-pilates-studio","status":"publish","type":"post","link":"https:\/\/kenzenpilates.com\/ca\/10-anos-kenzen-pilates-studio\/","title":{"rendered":"10 a\u00f1os de Kenzen Pilates Studio"},"content":{"rendered":"<p style=\"text-align: center;\">Hace 10 a\u00f1os, en una tarde de esas en las que empieza a asomarse el verano, entre risas e incredulidad hablaba de un sue\u00f1o, un proyecto, uno de esos que parece que s\u00f3lo est\u00e1 permitido so\u00f1ar&#8230;<\/p>\n<p style=\"text-align: center;\">Hoy, <a href=\"http:\/\/kenzenpilates.com\">Kenzen Pilates Studio<\/a> es una realidad, han sido 10 a\u00f1os de dedicaci\u00f3n absoluta, \u00a0de momentos dif\u00edciles siempre llevados con una sonrisa y con la ilusi\u00f3n de que este proyecto siguiera adelante, han habido otros momentos maravillosos, memorables, de felicidad inigualable, este, es uno de ellos.<\/p>\n<p style=\"text-align: center;\">No me queda m\u00e1s que agradecer a todos nuestros alumnos, ex alumnos, futuros alumnos, profesores, ex profesores, familiares, amigos, equipo de mantenimiento, a los <a href=\"https:\/\/elpetitkraken.com\/es\/website-maintenance-services\/\">creadores<\/a> de nuestra preciosa p\u00e1gina web, fot\u00f3grafos, <a href=\"https:\/\/www.timeout.es\/barcelona\/es\/deportes\/14-espacios-donde-hacer-pilates-en-barcelona\">reporteros,<\/a>\u00a0<a href=\"https:\/\/www.timeout.es\/barcelona\/es\/deportes\/deporte-contra-el-dolor-de-espalda\">revistas,<\/a>\u00a0<a href=\"https:\/\/luthierdansa.com\">cola<\/a>b<a href=\"http:\/\/amjm.org\/cat\/\">ora<\/a>do<a href=\"http:\/\/www.aninath.com\">res<\/a> y, a todo aquel que haya hecho posible que en Kenzen Pilates Studio siempre se provoquen millones de sonrisas.<\/p>\n<p style=\"text-align: center;\">Un agradecimiento muy, muy especial a <strong>Eva Rosado<\/strong>, mi compa\u00f1era, mi socia guerrera, que desde hace seis a\u00f1os decidi\u00f3 apostar porque este sue\u00f1o continuara, trabajando muy duro para poder llegar a este momento.<\/p>\n<p style=\"text-align: center;\"><span id=\"m_-5914758208992751431m_-379102132149550233yui_3_16_0_ym19_1_1506496388905_100655\">Queremos celebrar que a veces los sue\u00f1os se hacen realidad.<\/span><\/p>\n<p style=\"text-align: center;\">\u00a1Gracias!<\/p>\n<p style=\"text-align: center;\">Mariana Ortiz<\/p>\n","protected":false},"excerpt":{"rendered":"<p>Hace 10 a\u00f1os, en una tarde de esas en las que empieza a asomarse el verano, entre risas&#8230;<\/p>\n","protected":false},"author":4,"featured_media":0,"comment_status":"open","ping_status":"open","sticky":false,"template":"","format":"standard","meta":{"_acf_changed":false,"inline_featured_image":false,"footnotes":""},"categories":[58],"tags":[202,79,203,69,122],"acf":[],"yoast_head":"<!-- This site is optimized with the Yoast SEO plugin v22.5 - https:\/\/yoast.com\/wordpress\/plugins\/seo\/ -->\n<title>10 a\u00f1os de Kenzen Pilates Studio - Kenzen Pilates Studio - Barcelona<\/title>\n<meta name=\"robots\" content=\"index, follow, max-snippet:-1, max-image-preview:large, max-video-preview:-1\" \/>\n<link rel=\"canonical\" href=\"https:\/\/kenzenpilates.com\/10-anos-kenzen-pilates-studio\/\" \/>\n<meta property=\"og:locale\" content=\"ca_ES\" \/>\n<meta property=\"og:type\" content=\"article\" \/>\n<meta property=\"og:title\" content=\"10 a\u00f1os de Kenzen Pilates Studio - Kenzen Pilates Studio - Barcelona\" \/>\n<meta property=\"og:description\" content=\"Hace 10 a\u00f1os, en una tarde de esas en las que empieza a asomarse el verano, entre risas...\" \/>\n<meta property=\"og:url\" content=\"https:\/\/kenzenpilates.com\/10-anos-kenzen-pilates-studio\/\" \/>\n<meta property=\"og:site_name\" content=\"Kenzen Pilates Studio - Barcelona\" \/>\n<meta property=\"article:published_time\" content=\"2017-09-30T23:00:31+00:00\" \/>\n<meta property=\"article:modified_time\" content=\"2017-10-01T22:33:28+00:00\" \/>\n<meta property=\"og:image\" content=\"https:\/\/kenzenpilates.com\/wp-content\/uploads\/2021\/12\/fbimage.png\" \/>\n\t<meta property=\"og:image:width\" content=\"1200\" \/>\n\t<meta property=\"og:image:height\" content=\"628\" \/>\n\t<meta property=\"og:image:type\" content=\"image\/png\" \/>\n<meta name=\"author\" content=\"Kenzen Pilates Studio\" \/>\n<meta name=\"twitter:card\" content=\"summary_large_image\" \/>\n<meta name=\"twitter:label1\" content=\"Escrit per\" \/>\n\t<meta name=\"twitter:data1\" content=\"Kenzen Pilates Studio\" \/>\n\t<meta name=\"twitter:label2\" content=\"Temps estimat de lectura\" \/>\n\t<meta name=\"twitter:data2\" content=\"1 minut\" \/>\n<script type=\"application\/ld+json\" class=\"yoast-schema-graph\">{\"@context\":\"https:\/\/schema.org\",\"@graph\":[{\"@type\":\"Article\",\"@id\":\"https:\/\/kenzenpilates.com\/10-anos-kenzen-pilates-studio\/#article\",\"isPartOf\":{\"@id\":\"https:\/\/kenzenpilates.com\/10-anos-kenzen-pilates-studio\/\"},\"author\":{\"name\":\"Kenzen Pilates Studio\",\"@id\":\"https:\/\/kenzenpilates.com\/#\/schema\/person\/5a59b50358c7aafeaeceb08e77035b03\"},\"headline\":\"10 a\u00f1os de Kenzen Pilates Studio\",\"datePublished\":\"2017-09-30T23:00:31+00:00\",\"dateModified\":\"2017-10-01T22:33:28+00:00\",\"mainEntityOfPage\":{\"@id\":\"https:\/\/kenzenpilates.com\/10-anos-kenzen-pilates-studio\/\"},\"wordCount\":200,\"commentCount\":0,\"publisher\":{\"@id\":\"https:\/\/kenzenpilates.com\/#organization\"},\"keywords\":[\"10 a\u00f1os\",\"celebraci\u00f3n\",\"fotograf\u00eda alonso navarro\",\"pilates\",\"pilates reformer\"],\"articleSection\":[\"Actualitat\"],\"inLanguage\":\"ca\",\"potentialAction\":[{\"@type\":\"CommentAction\",\"name\":\"Comment\",\"target\":[\"https:\/\/kenzenpilates.com\/10-anos-kenzen-pilates-studio\/#respond\"]}]},{\"@type\":\"WebPage\",\"@id\":\"https:\/\/kenzenpilates.com\/10-anos-kenzen-pilates-studio\/\",\"url\":\"https:\/\/kenzenpilates.com\/10-anos-kenzen-pilates-studio\/\",\"name\":\"10 a\u00f1os de Kenzen Pilates Studio - Kenzen Pilates Studio - Barcelona\",\"isPartOf\":{\"@id\":\"https:\/\/kenzenpilates.com\/#website\"},\"datePublished\":\"2017-09-30T23:00:31+00:00\",\"dateModified\":\"2017-10-01T22:33:28+00:00\",\"breadcrumb\":{\"@id\":\"https:\/\/kenzenpilates.com\/10-anos-kenzen-pilates-studio\/#breadcrumb\"},\"inLanguage\":\"ca\",\"potentialAction\":[{\"@type\":\"ReadAction\",\"target\":[\"https:\/\/kenzenpilates.com\/10-anos-kenzen-pilates-studio\/\"]}]},{\"@type\":\"BreadcrumbList\",\"@id\":\"https:\/\/kenzenpilates.com\/10-anos-kenzen-pilates-studio\/#breadcrumb\",\"itemListElement\":[{\"@type\":\"ListItem\",\"position\":1,\"name\":\"Portada\",\"item\":\"https:\/\/kenzenpilates.com\/ca\/\"},{\"@type\":\"ListItem\",\"position\":2,\"name\":\"10 a\u00f1os de Kenzen Pilates Studio\"}]},{\"@type\":\"WebSite\",\"@id\":\"https:\/\/kenzenpilates.com\/#website\",\"url\":\"https:\/\/kenzenpilates.com\/\",\"name\":\"Kenzen Pilates Studio - Barcelona\",\"description\":\"Especialistes en el benestar del cos i la ment\",\"publisher\":{\"@id\":\"https:\/\/kenzenpilates.com\/#organization\"},\"potentialAction\":[{\"@type\":\"SearchAction\",\"target\":{\"@type\":\"EntryPoint\",\"urlTemplate\":\"https:\/\/kenzenpilates.com\/?s={search_term_string}\"},\"query-input\":\"required name=search_term_string\"}],\"inLanguage\":\"ca\"},{\"@type\":\"Organization\",\"@id\":\"https:\/\/kenzenpilates.com\/#organization\",\"name\":\"Kenzen Pilates Studio\",\"url\":\"https:\/\/kenzenpilates.com\/\",\"logo\":{\"@type\":\"ImageObject\",\"inLanguage\":\"ca\",\"@id\":\"https:\/\/kenzenpilates.com\/#\/schema\/logo\/image\/\",\"url\":\"https:\/\/kenzenpilates.com\/wp-content\/uploads\/2021\/10\/logo555.png\",\"contentUrl\":\"https:\/\/kenzenpilates.com\/wp-content\/uploads\/2021\/10\/logo555.png\",\"width\":260,\"height\":60,\"caption\":\"Kenzen Pilates Studio\"},\"image\":{\"@id\":\"https:\/\/kenzenpilates.com\/#\/schema\/logo\/image\/\"}},{\"@type\":\"Person\",\"@id\":\"https:\/\/kenzenpilates.com\/#\/schema\/person\/5a59b50358c7aafeaeceb08e77035b03\",\"name\":\"Kenzen Pilates Studio\",\"image\":{\"@type\":\"ImageObject\",\"inLanguage\":\"ca\",\"@id\":\"https:\/\/kenzenpilates.com\/#\/schema\/person\/image\/\",\"url\":\"https:\/\/secure.gravatar.com\/avatar\/0ce111671924b552cb65081d533ea885?s=96&d=mm&r=g\",\"contentUrl\":\"https:\/\/secure.gravatar.com\/avatar\/0ce111671924b552cb65081d533ea885?s=96&d=mm&r=g\",\"caption\":\"Kenzen Pilates Studio\"},\"url\":\"https:\/\/kenzenpilates.com\/ca\/author\/kenzen-studio\/\"}]}<\/script>\n<!-- \/ Yoast SEO plugin. -->","yoast_head_json":{"title":"10 a\u00f1os de Kenzen Pilates Studio - Kenzen Pilates Studio - Barcelona","robots":{"index":"index","follow":"follow","max-snippet":"max-snippet:-1","max-image-preview":"max-image-preview:large","max-video-preview":"max-video-preview:-1"},"canonical":"https:\/\/kenzenpilates.com\/10-anos-kenzen-pilates-studio\/","og_locale":"ca_ES","og_type":"article","og_title":"10 a\u00f1os de Kenzen Pilates Studio - Kenzen Pilates Studio - Barcelona","og_description":"Hace 10 a\u00f1os, en una tarde de esas en las que empieza a asomarse el verano, entre risas...","og_url":"https:\/\/kenzenpilates.com\/10-anos-kenzen-pilates-studio\/","og_site_name":"Kenzen Pilates Studio - Barcelona","article_published_time":"2017-09-30T23:00:31+00:00","article_modified_time":"2017-10-01T22:33:28+00:00","og_image":[{"width":1200,"height":628,"url":"https:\/\/kenzenpilates.com\/wp-content\/uploads\/2021\/12\/fbimage.png","type":"image\/png"}],"author":"Kenzen Pilates Studio","twitter_card":"summary_large_image","twitter_misc":{"Escrit per":"Kenzen Pilates Studio","Temps estimat de lectura":"1 minut"},"schema":{"@context":"https:\/\/schema.org","@graph":[{"@type":"Article","@id":"https:\/\/kenzenpilates.com\/10-anos-kenzen-pilates-studio\/#article","isPartOf":{"@id":"https:\/\/kenzenpilates.com\/10-anos-kenzen-pilates-studio\/"},"author":{"name":"Kenzen Pilates Studio","@id":"https:\/\/kenzenpilates.com\/#\/schema\/person\/5a59b50358c7aafeaeceb08e77035b03"},"headline":"10 a\u00f1os de Kenzen Pilates Studio","datePublished":"2017-09-30T23:00:31+00:00","dateModified":"2017-10-01T22:33:28+00:00","mainEntityOfPage":{"@id":"https:\/\/kenzenpilates.com\/10-anos-kenzen-pilates-studio\/"},"wordCount":200,"commentCount":0,"publisher":{"@id":"https:\/\/kenzenpilates.com\/#organization"},"keywords":["10 a\u00f1os","celebraci\u00f3n","fotograf\u00eda alonso navarro","pilates","pilates reformer"],"articleSection":["Actualitat"],"inLanguage":"ca","potentialAction":[{"@type":"CommentAction","name":"Comment","target":["https:\/\/kenzenpilates.com\/10-anos-kenzen-pilates-studio\/#respond"]}]},{"@type":"WebPage","@id":"https:\/\/kenzenpilates.com\/10-anos-kenzen-pilates-studio\/","url":"https:\/\/kenzenpilates.com\/10-anos-kenzen-pilates-studio\/","name":"10 a\u00f1os de Kenzen Pilates Studio - Kenzen Pilates Studio - Barcelona","isPartOf":{"@id":"https:\/\/kenzenpilates.com\/#website"},"datePublished":"2017-09-30T23:00:31+00:00","dateModified":"2017-10-01T22:33:28+00:00","breadcrumb":{"@id":"https:\/\/kenzenpilates.com\/10-anos-kenzen-pilates-studio\/#breadcrumb"},"inLanguage":"ca","potentialAction":[{"@type":"ReadAction","target":["https:\/\/kenzenpilates.com\/10-anos-kenzen-pilates-studio\/"]}]},{"@type":"BreadcrumbList","@id":"https:\/\/kenzenpilates.com\/10-anos-kenzen-pilates-studio\/#breadcrumb","itemListElement":[{"@type":"ListItem","position":1,"name":"Portada","item":"https:\/\/kenzenpilates.com\/ca\/"},{"@type":"ListItem","position":2,"name":"10 a\u00f1os de Kenzen Pilates Studio"}]},{"@type":"WebSite","@id":"https:\/\/kenzenpilates.com\/#website","url":"https:\/\/kenzenpilates.com\/","name":"Kenzen Pilates Studio - Barcelona","description":"Especialistes en el benestar del cos i la ment","publisher":{"@id":"https:\/\/kenzenpilates.com\/#organization"},"potentialAction":[{"@type":"SearchAction","target":{"@type":"EntryPoint","urlTemplate":"https:\/\/kenzenpilates.com\/?s={search_term_string}"},"query-input":"required name=search_term_string"}],"inLanguage":"ca"},{"@type":"Organization","@id":"https:\/\/kenzenpilates.com\/#organization","name":"Kenzen Pilates Studio","url":"https:\/\/kenzenpilates.com\/","logo":{"@type":"ImageObject","inLanguage":"ca","@id":"https:\/\/kenzenpilates.com\/#\/schema\/logo\/image\/","url":"https:\/\/kenzenpilates.com\/wp-content\/uploads\/2021\/10\/logo555.png","contentUrl":"https:\/\/kenzenpilates.com\/wp-content\/uploads\/2021\/10\/logo555.png","width":260,"height":60,"caption":"Kenzen Pilates Studio"},"image":{"@id":"https:\/\/kenzenpilates.com\/#\/schema\/logo\/image\/"}},{"@type":"Person","@id":"https:\/\/kenzenpilates.com\/#\/schema\/person\/5a59b50358c7aafeaeceb08e77035b03","name":"Kenzen Pilates Studio","image":{"@type":"ImageObject","inLanguage":"ca","@id":"https:\/\/kenzenpilates.com\/#\/schema\/person\/image\/","url":"https:\/\/secure.gravatar.com\/avatar\/0ce111671924b552cb65081d533ea885?s=96&d=mm&r=g","contentUrl":"https:\/\/secure.gravatar.com\/avatar\/0ce111671924b552cb65081d533ea885?s=96&d=mm&r=g","caption":"Kenzen Pilates Studio"},"url":"https:\/\/kenzenpilates.com\/ca\/author\/kenzen-studio\/"}]}},"_links":{"self":[{"href":"https:\/\/kenzenpilates.com\/ca\/wp-json\/wp\/v2\/posts\/4507"}],"collection":[{"href":"https:\/\/kenzenpilates.com\/ca\/wp-json\/wp\/v2\/posts"}],"about":[{"href":"https:\/\/kenzenpilates.com\/ca\/wp-json\/wp\/v2\/types\/post"}],"author":[{"embeddable":true,"href":"https:\/\/kenzenpilates.com\/ca\/wp-json\/wp\/v2\/users\/4"}],"replies":[{"embeddable":true,"href":"https:\/\/kenzenpilates.com\/ca\/wp-json\/wp\/v2\/comments?post=4507"}],"version-history":[{"count":0,"href":"https:\/\/kenzenpilates.com\/ca\/wp-json\/wp\/v2\/posts\/4507\/revisions"}],"wp:attachment":[{"href":"https:\/\/kenzenpilates.com\/ca\/wp-json\/wp\/v2\/media?parent=4507"}],"wp:term":[{"taxonomy":"category","embeddable":true,"href":"https:\/\/kenzenpilates.com\/ca\/wp-json\/wp\/v2\/categories?post=4507"},{"taxonomy":"post_tag","embeddable":true,"href":"https:\/\/kenzenpilates.com\/ca\/wp-json\/wp\/v2\/tags?post=4507"}],"curies":[{"name":"wp","href":"https:\/\/api.w.org\/{rel}","templated":true}]}}